{"id":786,"date":"2025-08-24T17:40:23","date_gmt":"2025-08-24T15:40:23","guid":{"rendered":"https:\/\/dionysiusgemeinde-lehe.de\/?p=786"},"modified":"2025-10-09T09:11:22","modified_gmt":"2025-10-09T07:11:22","slug":"neueroeffnung-familienzentrum-29-08-2025","status":"publish","type":"post","link":"https:\/\/dionysiusgemeinde-lehe.de\/index.php\/2025\/08\/24\/neueroeffnung-familienzentrum-29-08-2025\/","title":{"rendered":"Neuer\u00f6ffnung Familienzentrum &#8211; 29.08.2025"},"content":{"rendered":"\n<p>Das Familienzentrum l\u00e4dt ein zur offiziellen Neuer\u00f6ffnung in den R\u00e4umen der Friedhofstr. 1d (ehemaliges Gemeindeb\u00fcro) am Freitag, 29.08.2025, 15:00 &#8211; 17:30 Uhr! Alt und Jung sind herzlich willkommen und eingeladen zur Er\u00f6ffnungsfeier in den neuen R\u00e4umen! <\/p>\n\n\n\n<p><\/p>\n","protected":false},"excerpt":{"rendered":"<p>Das Familienzentrum l\u00e4dt ein zur offiziellen Neuer\u00f6ffnung in den R\u00e4umen der Friedhofstr. 1d (ehemaliges Gemeindeb\u00fcro) am Freitag, 29.08.2025, 15:00 &#8211; 17:30 Uhr! Alt und Jung sind herzlich willkommen und eingeladen zur Er\u00f6ffnungsfeier in den neuen R\u00e4umen!<\/p>\n","protected":false},"author":2,"featured_media":0,"comment_status":"closed","ping_status":"closed","sticky":false,"template":"","format":"standard","meta":{"footnotes":""},"categories":[12],"tags":[],"class_list":["post-786","post","type-post","status-publish","format-standard","hentry","category-archiv"],"_links":{"self":[{"href":"https:\/\/dionysiusgemeinde-lehe.de\/index.php\/wp-json\/wp\/v2\/posts\/786","targetHints":{"allow":["GET"]}}],"collection":[{"href":"https:\/\/dionysiusgemeinde-lehe.de\/index.php\/wp-json\/wp\/v2\/posts"}],"about":[{"href":"https:\/\/dionysiusgemeinde-lehe.de\/index.php\/wp-json\/wp\/v2\/types\/post"}],"author":[{"embeddable":true,"href":"https:\/\/dionysiusgemeinde-lehe.de\/index.php\/wp-json\/wp\/v2\/users\/2"}],"replies":[{"embeddable":true,"href":"https:\/\/dionysiusgemeinde-lehe.de\/index.php\/wp-json\/wp\/v2\/comments?post=786"}],"version-history":[{"count":1,"href":"https:\/\/dionysiusgemeinde-lehe.de\/index.php\/wp-json\/wp\/v2\/posts\/786\/revisions"}],"predecessor-version":[{"id":787,"href":"https:\/\/dionysiusgemeinde-lehe.de\/index.php\/wp-json\/wp\/v2\/posts\/786\/revisions\/787"}],"wp:attachment":[{"href":"https:\/\/dionysiusgemeinde-lehe.de\/index.php\/wp-json\/wp\/v2\/media?parent=786"}],"wp:term":[{"taxonomy":"category","embeddable":true,"href":"https:\/\/dionysiusgemeinde-lehe.de\/index.php\/wp-json\/wp\/v2\/categories?post=786"},{"taxonomy":"post_tag","embeddable":true,"href":"https:\/\/dionysiusgemeinde-lehe.de\/index.php\/wp-json\/wp\/v2\/tags?post=786"}],"curies":[{"name":"wp","href":"https:\/\/api.w.org\/{rel}","templated":true}]}}