{"id":780,"date":"2025-08-24T17:07:19","date_gmt":"2025-08-24T15:07:19","guid":{"rendered":"https:\/\/dionysiusgemeinde-lehe.de\/?p=780"},"modified":"2025-10-09T09:15:50","modified_gmt":"2025-10-09T07:15:50","slug":"tage-im-gruenen-fuer-senioren-16-8-18-8-2025","status":"publish","type":"post","link":"https:\/\/dionysiusgemeinde-lehe.de\/index.php\/2025\/08\/24\/tage-im-gruenen-fuer-senioren-16-8-18-8-2025\/","title":{"rendered":"Tage im Gr\u00fcnen f\u00fcr Senioren &#8211; 16.9.-18.9.2025"},"content":{"rendered":"\n<p>Vom 16. bis 18. September 2025 finden die Tage im Gr\u00fcnen f\u00fcr Senioren statt. Das Projekt wird vom SeniorPartner Diakonie und Kirche auf dem Freizeitheimgel\u00e4nde des Kirchenkreises in Drangstedt veranstaltet.<\/p>\n\n\n\n<p>Ein buntes und abwechslungsreiches Programm erwartet Sie an diesen Tagen, jeweils in der Zeit von 10 Uhr bis 17 Uhr.<\/p>\n\n\n\n<p>Weitere Informationen finden Sie <a href=\"https:\/\/www.kirchenkreis-bremerhaven.de\/nachrichten\/nachrichten-2025\/tage-im-guenen-senioren-2025#:~:text=Vom%2016.,des%20Kirchenkreises%20in%20Drangstedt%20veranstaltet.\">hier<\/a>.<\/p>\n\n\n\n<p><\/p>\n","protected":false},"excerpt":{"rendered":"<p>Vom 16. bis 18. September 2025 finden die Tage im Gr\u00fcnen f\u00fcr Senioren statt. Das Projekt wird vom SeniorPartner Diakonie und Kirche auf dem Freizeitheimgel\u00e4nde des Kirchenkreises in Drangstedt veranstaltet. Ein buntes und abwechslungsreiches Programm erwartet Sie an diesen Tagen, jeweils in der Zeit von 10 Uhr bis 17 Uhr. Weitere Informationen finden Sie hier.<\/p>\n","protected":false},"author":2,"featured_media":0,"comment_status":"closed","ping_status":"closed","sticky":false,"template":"","format":"standard","meta":{"footnotes":""},"categories":[12],"tags":[],"class_list":["post-780","post","type-post","status-publish","format-standard","hentry","category-archiv"],"_links":{"self":[{"href":"https:\/\/dionysiusgemeinde-lehe.de\/index.php\/wp-json\/wp\/v2\/posts\/780","targetHints":{"allow":["GET"]}}],"collection":[{"href":"https:\/\/dionysiusgemeinde-lehe.de\/index.php\/wp-json\/wp\/v2\/posts"}],"about":[{"href":"https:\/\/dionysiusgemeinde-lehe.de\/index.php\/wp-json\/wp\/v2\/types\/post"}],"author":[{"embeddable":true,"href":"https:\/\/dionysiusgemeinde-lehe.de\/index.php\/wp-json\/wp\/v2\/users\/2"}],"replies":[{"embeddable":true,"href":"https:\/\/dionysiusgemeinde-lehe.de\/index.php\/wp-json\/wp\/v2\/comments?post=780"}],"version-history":[{"count":2,"href":"https:\/\/dionysiusgemeinde-lehe.de\/index.php\/wp-json\/wp\/v2\/posts\/780\/revisions"}],"predecessor-version":[{"id":795,"href":"https:\/\/dionysiusgemeinde-lehe.de\/index.php\/wp-json\/wp\/v2\/posts\/780\/revisions\/795"}],"wp:attachment":[{"href":"https:\/\/dionysiusgemeinde-lehe.de\/index.php\/wp-json\/wp\/v2\/media?parent=780"}],"wp:term":[{"taxonomy":"category","embeddable":true,"href":"https:\/\/dionysiusgemeinde-lehe.de\/index.php\/wp-json\/wp\/v2\/categories?post=780"},{"taxonomy":"post_tag","embeddable":true,"href":"https:\/\/dionysiusgemeinde-lehe.de\/index.php\/wp-json\/wp\/v2\/tags?post=780"}],"curies":[{"name":"wp","href":"https:\/\/api.w.org\/{rel}","templated":true}]}}