{"id":775,"date":"2025-07-29T17:02:10","date_gmt":"2025-07-29T15:02:10","guid":{"rendered":"https:\/\/dionysiusgemeinde-lehe.de\/?p=775"},"modified":"2025-10-21T12:36:52","modified_gmt":"2025-10-21T10:36:52","slug":"11-10-19-10-2025-fahrt-nach-taize","status":"publish","type":"post","link":"https:\/\/dionysiusgemeinde-lehe.de\/index.php\/2025\/07\/29\/11-10-19-10-2025-fahrt-nach-taize\/","title":{"rendered":"Fahrt nach Taiz\u00e9 -11.10. &#8211; 19.10.2025"},"content":{"rendered":"\n<p>Zusammen mit dem katholischen Jugendb\u00fcro Bremen bieten wir eine Fahrt nach Taiz\u00e9 an. <strong>Die Fahrt findet dieses Jahr vom 11.10.-19.10.25 statt.<\/strong><\/p>\n\n\n\n<p>Jeder junge Erwachsene (16+) ist eingeladen in Taiz\u00e9 zu Gast zu sein. Das Leben in der Gemeinschaft wird durch das gemeinsame Gebet, Ges\u00e4nge und die Begegnung mit jungen Menschen aus aller Welt bestimmt.<\/p>\n\n\n\n<p>Wenn auch Du die besondere Gemeinschaft vor Ort erleben m\u00f6chtest und mindestens 16 Jahre alt bist, kannst Du Dich\u00a0<a href=\"https:\/\/on.campflow.de\/kjb-bremen-9621\/taize-2025\" target=\"_blank\" rel=\"noreferrer noopener\">hier<\/a> bis zum 12.9.2025\u00a0anmelden.<\/p>\n\n\n\n<p>F\u00fcr jegliche Fragen, was die gemeinsame Fahrt von Bremerhaven aus angeht oder wer mehr \u00fcber Taiz\u00e9 erfahren m\u00f6chte melde dich gerne bei Jugendreferent Ulf Brunzlow unter 0175 9501586 oder ulf.brunzlow@evlka.de<\/p>\n\n\n\n<p><a href=\"https:\/\/www.kjb-bremen.de\/aktuelle-veranstaltungen\/taiz%C3%A9\/\">Weitere Informationen<\/a> auf der Webseite der KJB Bremen.<\/p>\n\n\n\n<figure class=\"wp-block-image size-large\"><img loading=\"lazy\" decoding=\"async\" width=\"1024\" height=\"682\" src=\"https:\/\/dionysiusgemeinde-lehe.de\/wp-content\/uploads\/2025\/07\/teatime2018cn-1024x682.jpg\" alt=\"\" class=\"wp-image-807\" srcset=\"https:\/\/dionysiusgemeinde-lehe.de\/wp-content\/uploads\/2025\/07\/teatime2018cn-1024x682.jpg 1024w, https:\/\/dionysiusgemeinde-lehe.de\/wp-content\/uploads\/2025\/07\/teatime2018cn-300x200.jpg 300w, https:\/\/dionysiusgemeinde-lehe.de\/wp-content\/uploads\/2025\/07\/teatime2018cn-768x512.jpg 768w, https:\/\/dionysiusgemeinde-lehe.de\/wp-content\/uploads\/2025\/07\/teatime2018cn.jpg 1280w\" sizes=\"auto, (max-width: 1024px) 100vw, 1024px\" \/><\/figure>\n","protected":false},"excerpt":{"rendered":"<p>Zusammen mit dem katholischen Jugendb\u00fcro Bremen bieten wir eine Fahrt nach Taiz\u00e9 an. Die Fahrt findet dieses Jahr vom 11.10.-19.10.25 statt. Jeder junge Erwachsene (16+) ist eingeladen in Taiz\u00e9 zu Gast zu sein. Das Leben in der Gemeinschaft wird durch das gemeinsame Gebet, Ges\u00e4nge und die Begegnung mit jungen Menschen aus aller Welt bestimmt. Wenn [&hellip;]<\/p>\n","protected":false},"author":2,"featured_media":0,"comment_status":"closed","ping_status":"closed","sticky":false,"template":"","format":"standard","meta":{"footnotes":""},"categories":[12],"tags":[],"class_list":["post-775","post","type-post","status-publish","format-standard","hentry","category-archiv"],"_links":{"self":[{"href":"https:\/\/dionysiusgemeinde-lehe.de\/index.php\/wp-json\/wp\/v2\/posts\/775","targetHints":{"allow":["GET"]}}],"collection":[{"href":"https:\/\/dionysiusgemeinde-lehe.de\/index.php\/wp-json\/wp\/v2\/posts"}],"about":[{"href":"https:\/\/dionysiusgemeinde-lehe.de\/index.php\/wp-json\/wp\/v2\/types\/post"}],"author":[{"embeddable":true,"href":"https:\/\/dionysiusgemeinde-lehe.de\/index.php\/wp-json\/wp\/v2\/users\/2"}],"replies":[{"embeddable":true,"href":"https:\/\/dionysiusgemeinde-lehe.de\/index.php\/wp-json\/wp\/v2\/comments?post=775"}],"version-history":[{"count":5,"href":"https:\/\/dionysiusgemeinde-lehe.de\/index.php\/wp-json\/wp\/v2\/posts\/775\/revisions"}],"predecessor-version":[{"id":997,"href":"https:\/\/dionysiusgemeinde-lehe.de\/index.php\/wp-json\/wp\/v2\/posts\/775\/revisions\/997"}],"wp:attachment":[{"href":"https:\/\/dionysiusgemeinde-lehe.de\/index.php\/wp-json\/wp\/v2\/media?parent=775"}],"wp:term":[{"taxonomy":"category","embeddable":true,"href":"https:\/\/dionysiusgemeinde-lehe.de\/index.php\/wp-json\/wp\/v2\/categories?post=775"},{"taxonomy":"post_tag","embeddable":true,"href":"https:\/\/dionysiusgemeinde-lehe.de\/index.php\/wp-json\/wp\/v2\/tags?post=775"}],"curies":[{"name":"wp","href":"https:\/\/api.w.org\/{rel}","templated":true}]}}