{"id":1154,"date":"2025-10-25T17:39:19","date_gmt":"2025-10-25T15:39:19","guid":{"rendered":"https:\/\/dionysiusgemeinde-lehe.de\/?p=1154"},"modified":"2025-12-04T20:24:08","modified_gmt":"2025-12-04T19:24:08","slug":"advent-fuer-senioren-04-12-2025","status":"publish","type":"post","link":"https:\/\/dionysiusgemeinde-lehe.de\/index.php\/2025\/10\/25\/advent-fuer-senioren-04-12-2025\/","title":{"rendered":"Advent f\u00fcr Senior:innen &#8211; 04.12.2025"},"content":{"rendered":"\n<p>Am Donnerstag, den 4. Dezember von 15-17 Uhr werden wir wie in jedem Jahr ganz adventlich und laden dazu alle Senior:innen herzlich ein.<\/p>\n\n\n\n<p>Bei Kaffee, Tee und Geb\u00e4ck wollen wir miteinander singen, besinnliche und lustige Geschichten um den Advent h\u00f6ren und einen sch\u00f6nen Nachmittag in froher Stimmung verbringen. Kommen Sie gern, auch mit Begleitung, und freuen sich mit uns auf eine sch\u00f6ne Zeit!<\/p>\n\n\n\n<figure class=\"wp-block-image size-large has-custom-border\"><img loading=\"lazy\" decoding=\"async\" width=\"1024\" height=\"683\" src=\"https:\/\/dionysiusgemeinde-lehe.de\/wp-content\/uploads\/2025\/10\/xtzp7u5t1nk-1024x683.jpg\" alt=\"lighted candle beside another 3 candles\" class=\"wp-image-1155\" style=\"border-radius:20px\" srcset=\"https:\/\/dionysiusgemeinde-lehe.de\/wp-content\/uploads\/2025\/10\/xtzp7u5t1nk-1024x683.jpg 1024w, https:\/\/dionysiusgemeinde-lehe.de\/wp-content\/uploads\/2025\/10\/xtzp7u5t1nk-300x200.jpg 300w, https:\/\/dionysiusgemeinde-lehe.de\/wp-content\/uploads\/2025\/10\/xtzp7u5t1nk-768x512.jpg 768w, https:\/\/dionysiusgemeinde-lehe.de\/wp-content\/uploads\/2025\/10\/xtzp7u5t1nk-1536x1024.jpg 1536w, https:\/\/dionysiusgemeinde-lehe.de\/wp-content\/uploads\/2025\/10\/xtzp7u5t1nk.jpg 1600w\" sizes=\"auto, (max-width: 1024px) 100vw, 1024px\" \/><\/figure>\n","protected":false},"excerpt":{"rendered":"<p>Am Donnerstag, den 4. Dezember von 15-17 Uhr werden wir wie in jedem Jahr ganz adventlich und laden dazu alle Senior:innen herzlich ein. Bei Kaffee, Tee und Geb\u00e4ck wollen wir miteinander singen, besinnliche und lustige Geschichten um den Advent h\u00f6ren und einen sch\u00f6nen Nachmittag in froher Stimmung verbringen. Kommen Sie gern, auch mit Begleitung, und [&hellip;]<\/p>\n","protected":false},"author":2,"featured_media":0,"comment_status":"closed","ping_status":"closed","sticky":false,"template":"","format":"standard","meta":{"footnotes":""},"categories":[12],"tags":[],"class_list":["post-1154","post","type-post","status-publish","format-standard","hentry","category-archiv"],"_links":{"self":[{"href":"https:\/\/dionysiusgemeinde-lehe.de\/index.php\/wp-json\/wp\/v2\/posts\/1154","targetHints":{"allow":["GET"]}}],"collection":[{"href":"https:\/\/dionysiusgemeinde-lehe.de\/index.php\/wp-json\/wp\/v2\/posts"}],"about":[{"href":"https:\/\/dionysiusgemeinde-lehe.de\/index.php\/wp-json\/wp\/v2\/types\/post"}],"author":[{"embeddable":true,"href":"https:\/\/dionysiusgemeinde-lehe.de\/index.php\/wp-json\/wp\/v2\/users\/2"}],"replies":[{"embeddable":true,"href":"https:\/\/dionysiusgemeinde-lehe.de\/index.php\/wp-json\/wp\/v2\/comments?post=1154"}],"version-history":[{"count":3,"href":"https:\/\/dionysiusgemeinde-lehe.de\/index.php\/wp-json\/wp\/v2\/posts\/1154\/revisions"}],"predecessor-version":[{"id":1190,"href":"https:\/\/dionysiusgemeinde-lehe.de\/index.php\/wp-json\/wp\/v2\/posts\/1154\/revisions\/1190"}],"wp:attachment":[{"href":"https:\/\/dionysiusgemeinde-lehe.de\/index.php\/wp-json\/wp\/v2\/media?parent=1154"}],"wp:term":[{"taxonomy":"category","embeddable":true,"href":"https:\/\/dionysiusgemeinde-lehe.de\/index.php\/wp-json\/wp\/v2\/categories?post=1154"},{"taxonomy":"post_tag","embeddable":true,"href":"https:\/\/dionysiusgemeinde-lehe.de\/index.php\/wp-json\/wp\/v2\/tags?post=1154"}],"curies":[{"name":"wp","href":"https:\/\/api.w.org\/{rel}","templated":true}]}}