{"id":1012,"date":"2025-10-08T20:41:26","date_gmt":"2025-10-08T18:41:26","guid":{"rendered":"https:\/\/dionysiusgemeinde-lehe.de\/?p=1012"},"modified":"2025-11-03T18:12:49","modified_gmt":"2025-11-03T17:12:49","slug":"31-oktober-2025-18-00-uhr","status":"publish","type":"post","link":"https:\/\/dionysiusgemeinde-lehe.de\/index.php\/2025\/10\/08\/31-oktober-2025-18-00-uhr\/","title":{"rendered":"Konzert zum Reformationstag &#8211; 31.10.2025"},"content":{"rendered":"\n<p><br><strong>Kammerkonzert am Reformationstag in der Alten Kirche &#8211; Duette f\u00fcr Violoncelli, 18:00 Uhr<\/strong><\/p>\n\n\n\n<p>Am Freitag, <strong>31. Oktober, erklingen ab 18 Uhr in der Alten Kirche <\/strong>Duette von Jaques Offenbach, Carl Siegemund Sch\u00f6nebeck und Friedrich August Kummer.<\/p>\n\n\n\n<p>Es spielen Laura Barkauskait\u00e9 (Cellistin im Philharmonischen Orchester Bremerhaven) und Josander Sch\u00fcck (ehemaliger Cellist am Staatstheater Darmstadt). <\/p>\n\n\n\n<p>&#8211; Eintritt frei, Spenden sind willkommen &#8211;<\/p>\n\n\n\n<figure class=\"wp-block-image size-large\"><img loading=\"lazy\" decoding=\"async\" width=\"724\" height=\"1024\" src=\"https:\/\/dionysiusgemeinde-lehe.de\/wp-content\/uploads\/2025\/10\/Kammerkonz.31.10.25-724x1024.jpg\" alt=\"\" class=\"wp-image-1086\" srcset=\"https:\/\/dionysiusgemeinde-lehe.de\/wp-content\/uploads\/2025\/10\/Kammerkonz.31.10.25-724x1024.jpg 724w, https:\/\/dionysiusgemeinde-lehe.de\/wp-content\/uploads\/2025\/10\/Kammerkonz.31.10.25-212x300.jpg 212w, https:\/\/dionysiusgemeinde-lehe.de\/wp-content\/uploads\/2025\/10\/Kammerkonz.31.10.25-768x1086.jpg 768w, https:\/\/dionysiusgemeinde-lehe.de\/wp-content\/uploads\/2025\/10\/Kammerkonz.31.10.25-1086x1536.jpg 1086w, https:\/\/dionysiusgemeinde-lehe.de\/wp-content\/uploads\/2025\/10\/Kammerkonz.31.10.25.jpg 1190w\" sizes=\"auto, (max-width: 724px) 100vw, 724px\" \/><\/figure>\n\n\n\n<figure class=\"wp-block-image size-large\"><img loading=\"lazy\" decoding=\"async\" width=\"724\" height=\"1024\" src=\"https:\/\/dionysiusgemeinde-lehe.de\/wp-content\/uploads\/2025\/10\/Progr.31.10.25-724x1024.jpg\" alt=\"\" class=\"wp-image-1088\"\/><\/figure>\n","protected":false},"excerpt":{"rendered":"<p>Kammerkonzert am Reformationstag in der Alten Kirche &#8211; Duette f\u00fcr Violoncelli, 18:00 Uhr Am Freitag, 31. Oktober, erklingen ab 18 Uhr in der Alten Kirche Duette von Jaques Offenbach, Carl Siegemund Sch\u00f6nebeck und Friedrich August Kummer. Es spielen Laura Barkauskait\u00e9 (Cellistin im Philharmonischen Orchester Bremerhaven) und Josander Sch\u00fcck (ehemaliger Cellist am Staatstheater Darmstadt). &#8211; Eintritt [&hellip;]<\/p>\n","protected":false},"author":2,"featured_media":0,"comment_status":"closed","ping_status":"closed","sticky":false,"template":"","format":"standard","meta":{"footnotes":""},"categories":[12],"tags":[],"class_list":["post-1012","post","type-post","status-publish","format-standard","hentry","category-archiv"],"_links":{"self":[{"href":"https:\/\/dionysiusgemeinde-lehe.de\/index.php\/wp-json\/wp\/v2\/posts\/1012","targetHints":{"allow":["GET"]}}],"collection":[{"href":"https:\/\/dionysiusgemeinde-lehe.de\/index.php\/wp-json\/wp\/v2\/posts"}],"about":[{"href":"https:\/\/dionysiusgemeinde-lehe.de\/index.php\/wp-json\/wp\/v2\/types\/post"}],"author":[{"embeddable":true,"href":"https:\/\/dionysiusgemeinde-lehe.de\/index.php\/wp-json\/wp\/v2\/users\/2"}],"replies":[{"embeddable":true,"href":"https:\/\/dionysiusgemeinde-lehe.de\/index.php\/wp-json\/wp\/v2\/comments?post=1012"}],"version-history":[{"count":18,"href":"https:\/\/dionysiusgemeinde-lehe.de\/index.php\/wp-json\/wp\/v2\/posts\/1012\/revisions"}],"predecessor-version":[{"id":1109,"href":"https:\/\/dionysiusgemeinde-lehe.de\/index.php\/wp-json\/wp\/v2\/posts\/1012\/revisions\/1109"}],"wp:attachment":[{"href":"https:\/\/dionysiusgemeinde-lehe.de\/index.php\/wp-json\/wp\/v2\/media?parent=1012"}],"wp:term":[{"taxonomy":"category","embeddable":true,"href":"https:\/\/dionysiusgemeinde-lehe.de\/index.php\/wp-json\/wp\/v2\/categories?post=1012"},{"taxonomy":"post_tag","embeddable":true,"href":"https:\/\/dionysiusgemeinde-lehe.de\/index.php\/wp-json\/wp\/v2\/tags?post=1012"}],"curies":[{"name":"wp","href":"https:\/\/api.w.org\/{rel}","templated":true}]}}