{"id":1010,"date":"2025-10-08T20:40:00","date_gmt":"2025-10-08T18:40:00","guid":{"rendered":"https:\/\/dionysiusgemeinde-lehe.de\/?p=1010"},"modified":"2025-10-21T12:37:49","modified_gmt":"2025-10-21T10:37:49","slug":"geschichte-und-geschichten-mit-kaffee-und-kuchen-15-10-2025","status":"publish","type":"post","link":"https:\/\/dionysiusgemeinde-lehe.de\/index.php\/2025\/10\/08\/geschichte-und-geschichten-mit-kaffee-und-kuchen-15-10-2025\/","title":{"rendered":"Geschichte und Geschichten mit Kaffee und Kuchen &#8211; 15.10.2025"},"content":{"rendered":"\n<p><strong>Geschichte und Geschichten mit Kaffee und Kuchen<\/strong><\/p>\n\n\n\n<p>Ein Nachmittag mit der<strong> \u201eGeschichtswerkstatt-Lehe\u201c<\/strong><\/p>\n\n\n\n<p>An diesem Nachmittag pr\u00e4sentiert die Geschichtswerkstatt-Lehe Bilder, Geschichten und Erinnerungen aus Lehe und dem heutigen Bremerhaven. Es wird auch reichlich Gelegenheit geben, sich \u00fcber das Geh\u00f6rte und Gesehene und Selbsterlebte auszutauschen. F\u00fcr Kaffee, Tee und Kuchen ist gesorgt.<\/p>\n\n\n\n<p>&#8211; Eintritt frei &#8211;<\/p>\n\n\n\n<p><strong>Ort<\/strong>: Zentrum Alte Kirche (Stresemannstr. 267), <strong>Beginn 15:30 Uhr<\/strong><\/p>\n\n\n\n<figure class=\"wp-block-image size-large\"><img loading=\"lazy\" decoding=\"async\" width=\"1024\" height=\"683\" src=\"https:\/\/dionysiusgemeinde-lehe.de\/wp-content\/uploads\/2025\/10\/ym_ujaut1mw-1024x683.jpg\" alt=\"white paper document on brown wooden table\" class=\"wp-image-1016\" srcset=\"https:\/\/dionysiusgemeinde-lehe.de\/wp-content\/uploads\/2025\/10\/ym_ujaut1mw-1024x683.jpg 1024w, https:\/\/dionysiusgemeinde-lehe.de\/wp-content\/uploads\/2025\/10\/ym_ujaut1mw-300x200.jpg 300w, https:\/\/dionysiusgemeinde-lehe.de\/wp-content\/uploads\/2025\/10\/ym_ujaut1mw-768x512.jpg 768w, https:\/\/dionysiusgemeinde-lehe.de\/wp-content\/uploads\/2025\/10\/ym_ujaut1mw-1536x1024.jpg 1536w, https:\/\/dionysiusgemeinde-lehe.de\/wp-content\/uploads\/2025\/10\/ym_ujaut1mw.jpg 1600w\" sizes=\"auto, (max-width: 1024px) 100vw, 1024px\" \/><\/figure>\n","protected":false},"excerpt":{"rendered":"<p>Geschichte und Geschichten mit Kaffee und Kuchen Ein Nachmittag mit der \u201eGeschichtswerkstatt-Lehe\u201c An diesem Nachmittag pr\u00e4sentiert die Geschichtswerkstatt-Lehe Bilder, Geschichten und Erinnerungen aus Lehe und dem heutigen Bremerhaven. Es wird auch reichlich Gelegenheit geben, sich \u00fcber das Geh\u00f6rte und Gesehene und Selbsterlebte auszutauschen. F\u00fcr Kaffee, Tee und Kuchen ist gesorgt. &#8211; Eintritt frei &#8211; Ort: [&hellip;]<\/p>\n","protected":false},"author":2,"featured_media":0,"comment_status":"closed","ping_status":"closed","sticky":false,"template":"","format":"standard","meta":{"footnotes":""},"categories":[12],"tags":[],"class_list":["post-1010","post","type-post","status-publish","format-standard","hentry","category-archiv"],"_links":{"self":[{"href":"https:\/\/dionysiusgemeinde-lehe.de\/index.php\/wp-json\/wp\/v2\/posts\/1010","targetHints":{"allow":["GET"]}}],"collection":[{"href":"https:\/\/dionysiusgemeinde-lehe.de\/index.php\/wp-json\/wp\/v2\/posts"}],"about":[{"href":"https:\/\/dionysiusgemeinde-lehe.de\/index.php\/wp-json\/wp\/v2\/types\/post"}],"author":[{"embeddable":true,"href":"https:\/\/dionysiusgemeinde-lehe.de\/index.php\/wp-json\/wp\/v2\/users\/2"}],"replies":[{"embeddable":true,"href":"https:\/\/dionysiusgemeinde-lehe.de\/index.php\/wp-json\/wp\/v2\/comments?post=1010"}],"version-history":[{"count":3,"href":"https:\/\/dionysiusgemeinde-lehe.de\/index.php\/wp-json\/wp\/v2\/posts\/1010\/revisions"}],"predecessor-version":[{"id":1037,"href":"https:\/\/dionysiusgemeinde-lehe.de\/index.php\/wp-json\/wp\/v2\/posts\/1010\/revisions\/1037"}],"wp:attachment":[{"href":"https:\/\/dionysiusgemeinde-lehe.de\/index.php\/wp-json\/wp\/v2\/media?parent=1010"}],"wp:term":[{"taxonomy":"category","embeddable":true,"href":"https:\/\/dionysiusgemeinde-lehe.de\/index.php\/wp-json\/wp\/v2\/categories?post=1010"},{"taxonomy":"post_tag","embeddable":true,"href":"https:\/\/dionysiusgemeinde-lehe.de\/index.php\/wp-json\/wp\/v2\/tags?post=1010"}],"curies":[{"name":"wp","href":"https:\/\/api.w.org\/{rel}","templated":true}]}}